{"id":1627,"date":"2017-07-16T20:46:52","date_gmt":"2017-07-16T20:46:52","guid":{"rendered":"http:\/\/www.colegioseducare.com.br\/v4\/?p=1627"},"modified":"2017-07-16T20:47:44","modified_gmt":"2017-07-16T20:47:44","slug":"ferias-primeiro-semestre","status":"publish","type":"post","link":"https:\/\/www.colegioseducare.com.br\/v4\/avisos\/ferias-primeiro-semestre\/","title":{"rendered":"F\u00e9rias! Primeiro semestre"},"content":{"rendered":"<p>Hoje foi o \u00faltimo dia do primeiro semestre!!<\/p>\n<p>Sentiremos muitas saudades de cada aluno do nosso Col\u00e9gio, voc\u00eas n\u00e3o sabem a falta que far\u00e3o no Col\u00e9gio neste m\u00eas de f\u00e9rias e como sentiremos saudades.<\/p>\n<p>Mas estaremos trabalhando nestas f\u00e9rias, preparando diversas atividades, aulas , palestras e deixando tudo em ordem, para quando voltarem.<\/p>\n<div class=\"text_exposed_show\">\n<p>Estamos a disposi\u00e7\u00e3o no telefone do Col\u00e9gio 4173-2003 e tamb\u00e9m no atendimento presencial.<\/p>\n<p>Boas F\u00e9rias<\/p>\n<\/div>\n","protected":false},"excerpt":{"rendered":"<p>Hoje foi o \u00faltimo dia do primeiro semestre!! Sentiremos muitas saudades de cada aluno do nosso Col\u00e9gio, voc\u00eas n\u00e3o sabem a falta que far\u00e3o no Col\u00e9gio neste m\u00eas de f\u00e9rias e como sentiremos saudades. Mas estaremos trabalhando nestas f\u00e9rias, preparando diversas atividades, aulas , palestras e deixando tudo em ordem, para quando voltarem. Estamos a [&hellip;]<\/p>\n","protected":false},"author":1,"featured_media":1628,"comment_status":"open","ping_status":"open","sticky":false,"template":"","format":"standard","meta":{"ngg_post_thumbnail":0},"categories":[84],"tags":[],"_links":{"self":[{"href":"https:\/\/www.colegioseducare.com.br\/v4\/wp-json\/wp\/v2\/posts\/1627"}],"collection":[{"href":"https:\/\/www.colegioseducare.com.br\/v4\/wp-json\/wp\/v2\/posts"}],"about":[{"href":"https:\/\/www.colegioseducare.com.br\/v4\/wp-json\/wp\/v2\/types\/post"}],"author":[{"embeddable":true,"href":"https:\/\/www.colegioseducare.com.br\/v4\/wp-json\/wp\/v2\/users\/1"}],"replies":[{"embeddable":true,"href":"https:\/\/www.colegioseducare.com.br\/v4\/wp-json\/wp\/v2\/comments?post=1627"}],"version-history":[{"count":1,"href":"https:\/\/www.colegioseducare.com.br\/v4\/wp-json\/wp\/v2\/posts\/1627\/revisions"}],"predecessor-version":[{"id":1629,"href":"https:\/\/www.colegioseducare.com.br\/v4\/wp-json\/wp\/v2\/posts\/1627\/revisions\/1629"}],"wp:featuredmedia":[{"embeddable":true,"href":"https:\/\/www.colegioseducare.com.br\/v4\/wp-json\/wp\/v2\/media\/1628"}],"wp:attachment":[{"href":"https:\/\/www.colegioseducare.com.br\/v4\/wp-json\/wp\/v2\/media?parent=1627"}],"wp:term":[{"taxonomy":"category","embeddable":true,"href":"https:\/\/www.colegioseducare.com.br\/v4\/wp-json\/wp\/v2\/categories?post=1627"},{"taxonomy":"post_tag","embeddable":true,"href":"https:\/\/www.colegioseducare.com.br\/v4\/wp-json\/wp\/v2\/tags?post=1627"}],"curies":[{"name":"wp","href":"https:\/\/api.w.org\/{rel}","templated":true}]}}